
{"id":13562,"date":"2022-04-15T11:55:14","date_gmt":"2022-04-15T09:55:14","guid":{"rendered":"http:\/\/minitop.it\/coloraminitop-challenge-aktivitaeten-fuer-kinder\/"},"modified":"2022-04-15T11:55:15","modified_gmt":"2022-04-15T09:55:15","slug":"coloraminitop-challenge-aktivitaeten-fuer-kinder","status":"publish","type":"post","link":"https:\/\/minitop.it\/de\/coloraminitop-challenge-aktivitaeten-fuer-kinder\/","title":{"rendered":"#COLORAMINITOP Challenge-Aktivit\u00e4ten f\u00fcr Kinder"},"content":{"rendered":"\n<h1 class=\"wp-block-heading\">#COLORAMINITOP Challenge-Aktivit\u00e4ten f\u00fcr Kinder<\/h1>\n\n<h2 class=\"wp-block-heading\">Die Zeit war f\u00fcr alle schwierig, deshalb wollen wir mit euch nicht immer nur \u00fcber Arbeit reden&#8230; dieses Mal wollen wir euch \u00fcberraschen und euch eine Herausforderung oder \u201eChallenge\u201c wie wir im Gesellschaftsjargon sagen, zu stellen eine tolle Aktivit\u00e4t f\u00fcr Kinder.<\/h2>\n\n<p>Das ist das erste Mal \u2026 wir haben uns nie die Kinder angesehen, aber oft die V\u00e4ter, die in der Erdbewegungsindustrie arbeiten und jeden Tag Minibagger, Bagger, Kompaktlader oder Dumper fahren, andere Maschinen, wecken viel Bewunderung und Interesse bei ihnen Kinder. Deshalb haben wir uns entschieden, die Kinder in diese Aktivit\u00e4t einzubeziehen! Die Herausforderung besteht darin, ein personalisiertes Modell zu erstellen, indem Sie den Angaben unseres Modellpapiers f\u00fcr Kompaktlader folgen, es ausmalen, indem Sie der Fantasie der Kinder freien Lauf lassen, es mit einfachem Klebstoff zusammenbauen und uns ein Foto zusenden.<\/p>\n\n<p><strong>#COLORAMINITOP Challenge-Aktivit\u00e4ten f\u00fcr Kinder<\/strong><\/p>\n\n<p>? Wegbeschreibung:<\/p>\n\n<ol class=\"wp-block-list\"><li>Drucken Sie das Modell unten auf der Seite aus.<\/li><li>Geschnitten, gefaltet, gef\u00e4rbt und geklebt!<\/li><li>Erstellen Sie die fantasievollste Mini-Klinge, die Sie sich vorstellen k\u00f6nnen!<\/li><li>Machen Sie ein Foto von Ihrem Meisterwerk und senden Sie es an <a href=\"mailto:info@minitop.it\">info@minitop.it<\/a> oder per Facebook-Nachricht. Vergessen Sie nicht, uns den Namen und das Alter der Person, die es gemacht hat, die Stadt und das Land mitzuteilen.<\/li><li>Einsendeschluss f\u00fcr Fotos: 02. Juni 2020 um Mitternacht (UTC+1 Rom)<\/li><li>Vom 04.06. bis 12.06. k\u00f6nnen Sie Ihre Modelle auf unserer Facebook-Seite im Album #coloraminitop sehen<\/li><li>Die Top 5 mit den meisten LIKE? erhalten tolle Preise.<\/li><\/ol>\n\n<p><strong>Wenn Sie sich f\u00fcr eine Teilnahme entscheiden, k\u00f6nnen Sie folgende Preise gewinnen:<\/strong><\/p>\n\n<p>1. Preis: Original Takeuchi TL12V-2 Modell (Ma\u00dfstab 1:24)<\/p>\n\n<p>2. Preis: Originalmodell Takeuchi TB260 (Ma\u00dfstab: 1\/35)<\/p>\n\n<p>3. Preis: Original Takeuchi Freizeitrucksack<\/p>\n\n<p>4. Preis: T-Shirts und Sonnenbrillen der Marke Minitop<\/p>\n\n<p>5. Preis: M\u00fctze mit Schirm und Sonnenbrille der Marke Minitop<\/p>\n\n<figure class=\"wp-block-image\"><img decoding=\"async\" src=\"https:\/\/www.minitop.fr\/wp-content\/uploads\/\/2020\/05\/premi-minitop.jpg\" alt=\"#coloraminitop premi concorso\" class=\"wp-image-3137\"\/><\/figure>\n\n<p>Stimmen zu bekommen wird einfach sein!!! Bitten Sie Ihre Freunde und Familie, die <a href=\"https:\/\/www.facebook.com\/minitopsrl\">Facebook<\/a> -Seite von Minitop vom 04.06.<\/p>\n\n<p>Diese Herausforderung wird auf europ\u00e4ischer Ebene angenommen, denn unsere Kunden sind in ganz Europa pr\u00e4sent! Also, ran an die Arbeit \u2026 wir sind sicher, Sie werden uns \u00fcberraschen!<\/p>\n\n<p>Die Gewinner werden individuell kontaktiert, um den Versand des Preises direkt zu Ihnen nach Hause zu arrangieren.<\/p>\n\n<p>HABE SPASS !<\/p>\n\n<p>NB Nur das &#8220;Gef\u00e4llt mir&#8221; der Zeichnungen im Album ist authentisch, nicht das &#8220;Gef\u00e4llt mir&#8221; der Bilder, die durch andere Zeugnisse geteilt werden.<\/p>\n\n<p>F\u00fcr weitere Informationen <a href=\"https:\/\/www.minitop.fr\/contacts\/\">klicken Sie hier<\/a><\/p>\n\n<h2 class=\"wp-block-heading\"><em><strong>Drucken Sie das Modell!<\/strong><\/em><\/h2>\n\n<p><a href=\"https:\/\/www.minitop.fr\/wp-content\/uploads\/\/2020\/05\/coloraminitop_fr.pdf\">Herunterladen: MODELL<\/a><\/p>\n","protected":false},"excerpt":{"rendered":"<p>#COLORAMINITOP Challenge-Aktivit\u00e4ten f\u00fcr Kinder Die Zeit war f\u00fcr alle schwierig, deshalb wollen wir mit euch nicht immer nur \u00fcber Arbeit reden&#8230; dieses Mal wollen wir euch \u00fcberraschen und euch eine Herausforderung oder \u201eChallenge\u201c wie wir im Gesellschaftsjargon sagen, zu stellen eine tolle Aktivit\u00e4t f\u00fcr Kinder. Das ist das erste Mal \u2026 wir haben uns nie [&hellip;]<\/p>\n","protected":false},"author":1,"featured_media":12541,"comment_status":"open","ping_status":"open","sticky":false,"template":"","format":"standard","meta":{"_themeisle_gutenberg_block_has_review":false,"footnotes":""},"categories":[407],"tags":[],"class_list":["post-13562","post","type-post","status-publish","format-standard","has-post-thumbnail","hentry","category-news"],"yoast_head":"<!-- This site is optimized with the Yoast SEO plugin v22.2 - https:\/\/yoast.com\/wordpress\/plugins\/seo\/ -->\n<title>#COLORAMINITOP Challenge-Aktivit\u00e4ten f\u00fcr Kinder - Minitop<\/title>\n<meta name=\"robots\" content=\"index, follow, max-snippet:-1, max-image-preview:large, max-video-preview:-1\" \/>\n<link rel=\"canonical\" href=\"https:\/\/minitop.it\/de\/coloraminitop-challenge-aktivitaeten-fuer-kinder\/\" \/>\n<meta property=\"og:locale\" content=\"de_DE\" \/>\n<meta property=\"og:type\" content=\"article\" \/>\n<meta property=\"og:title\" content=\"#COLORAMINITOP Challenge-Aktivit\u00e4ten f\u00fcr Kinder - Minitop\" \/>\n<meta property=\"og:description\" content=\"#COLORAMINITOP Challenge-Aktivit\u00e4ten f\u00fcr Kinder Die Zeit war f\u00fcr alle schwierig, deshalb wollen wir mit euch nicht immer nur \u00fcber Arbeit reden&#8230; dieses Mal wollen wir euch \u00fcberraschen und euch eine Herausforderung oder \u201eChallenge\u201c wie wir im Gesellschaftsjargon sagen, zu stellen eine tolle Aktivit\u00e4t f\u00fcr Kinder. Das ist das erste Mal \u2026 wir haben uns nie [&hellip;]\" \/>\n<meta property=\"og:url\" content=\"https:\/\/minitop.it\/de\/coloraminitop-challenge-aktivitaeten-fuer-kinder\/\" \/>\n<meta property=\"og:site_name\" content=\"Minitop\" \/>\n<meta property=\"article:publisher\" content=\"https:\/\/www.facebook.com\/minitopsrl\" \/>\n<meta property=\"article:published_time\" content=\"2022-04-15T09:55:14+00:00\" \/>\n<meta property=\"article:modified_time\" content=\"2022-04-15T09:55:15+00:00\" \/>\n<meta property=\"og:image\" content=\"https:\/\/minitop.it\/wp-content\/uploads\/2022\/04\/coloraminitop.jpg\" \/>\n\t<meta property=\"og:image:width\" content=\"600\" \/>\n\t<meta property=\"og:image:height\" content=\"375\" \/>\n\t<meta property=\"og:image:type\" content=\"image\/jpeg\" \/>\n<meta name=\"author\" content=\"minitop\" \/>\n<meta name=\"twitter:card\" content=\"summary_large_image\" \/>\n<meta name=\"twitter:label1\" content=\"Verfasst von\" \/>\n\t<meta name=\"twitter:data1\" content=\"minitop\" \/>\n\t<meta name=\"twitter:label2\" content=\"Gesch\u00e4tzte Lesezeit\" \/>\n\t<meta name=\"twitter:data2\" content=\"2\u00a0Minuten\" \/>\n<script type=\"application\/ld+json\" class=\"yoast-schema-graph\">{\"@context\":\"https:\/\/schema.org\",\"@graph\":[{\"@type\":\"Article\",\"@id\":\"https:\/\/minitop.it\/de\/coloraminitop-challenge-aktivitaeten-fuer-kinder\/#article\",\"isPartOf\":{\"@id\":\"https:\/\/minitop.it\/de\/coloraminitop-challenge-aktivitaeten-fuer-kinder\/\"},\"author\":{\"name\":\"minitop\",\"@id\":\"https:\/\/minitop.it\/#\/schema\/person\/010b68d5c2270a2540a285e341b5da55\"},\"headline\":\"#COLORAMINITOP Challenge-Aktivit\u00e4ten f\u00fcr Kinder\",\"datePublished\":\"2022-04-15T09:55:14+00:00\",\"dateModified\":\"2022-04-15T09:55:15+00:00\",\"mainEntityOfPage\":{\"@id\":\"https:\/\/minitop.it\/de\/coloraminitop-challenge-aktivitaeten-fuer-kinder\/\"},\"wordCount\":406,\"commentCount\":4879,\"publisher\":{\"@id\":\"https:\/\/minitop.it\/#organization\"},\"image\":{\"@id\":\"https:\/\/minitop.it\/de\/coloraminitop-challenge-aktivitaeten-fuer-kinder\/#primaryimage\"},\"thumbnailUrl\":\"https:\/\/minitop.it\/wp-content\/uploads\/2022\/04\/coloraminitop.jpg\",\"articleSection\":[\"News\"],\"inLanguage\":\"de\",\"potentialAction\":[{\"@type\":\"CommentAction\",\"name\":\"Comment\",\"target\":[\"https:\/\/minitop.it\/de\/coloraminitop-challenge-aktivitaeten-fuer-kinder\/#respond\"]}]},{\"@type\":\"WebPage\",\"@id\":\"https:\/\/minitop.it\/de\/coloraminitop-challenge-aktivitaeten-fuer-kinder\/\",\"url\":\"https:\/\/minitop.it\/de\/coloraminitop-challenge-aktivitaeten-fuer-kinder\/\",\"name\":\"#COLORAMINITOP Challenge-Aktivit\u00e4ten f\u00fcr Kinder - Minitop\",\"isPartOf\":{\"@id\":\"https:\/\/minitop.it\/#website\"},\"primaryImageOfPage\":{\"@id\":\"https:\/\/minitop.it\/de\/coloraminitop-challenge-aktivitaeten-fuer-kinder\/#primaryimage\"},\"image\":{\"@id\":\"https:\/\/minitop.it\/de\/coloraminitop-challenge-aktivitaeten-fuer-kinder\/#primaryimage\"},\"thumbnailUrl\":\"https:\/\/minitop.it\/wp-content\/uploads\/2022\/04\/coloraminitop.jpg\",\"datePublished\":\"2022-04-15T09:55:14+00:00\",\"dateModified\":\"2022-04-15T09:55:15+00:00\",\"breadcrumb\":{\"@id\":\"https:\/\/minitop.it\/de\/coloraminitop-challenge-aktivitaeten-fuer-kinder\/#breadcrumb\"},\"inLanguage\":\"de\",\"potentialAction\":[{\"@type\":\"ReadAction\",\"target\":[\"https:\/\/minitop.it\/de\/coloraminitop-challenge-aktivitaeten-fuer-kinder\/\"]}]},{\"@type\":\"ImageObject\",\"inLanguage\":\"de\",\"@id\":\"https:\/\/minitop.it\/de\/coloraminitop-challenge-aktivitaeten-fuer-kinder\/#primaryimage\",\"url\":\"https:\/\/minitop.it\/wp-content\/uploads\/2022\/04\/coloraminitop.jpg\",\"contentUrl\":\"https:\/\/minitop.it\/wp-content\/uploads\/2022\/04\/coloraminitop.jpg\",\"width\":600,\"height\":375},{\"@type\":\"BreadcrumbList\",\"@id\":\"https:\/\/minitop.it\/de\/coloraminitop-challenge-aktivitaeten-fuer-kinder\/#breadcrumb\",\"itemListElement\":[{\"@type\":\"ListItem\",\"position\":1,\"name\":\"Home\",\"item\":\"https:\/\/minitop.it\/de\/\"},{\"@type\":\"ListItem\",\"position\":2,\"name\":\"#COLORAMINITOP Challenge-Aktivit\u00e4ten f\u00fcr Kinder\"}]},{\"@type\":\"WebSite\",\"@id\":\"https:\/\/minitop.it\/#website\",\"url\":\"https:\/\/minitop.it\/\",\"name\":\"Minitop\",\"description\":\"1. Hersteller von Gummiraupen in Europa\",\"publisher\":{\"@id\":\"https:\/\/minitop.it\/#organization\"},\"potentialAction\":[{\"@type\":\"SearchAction\",\"target\":{\"@type\":\"EntryPoint\",\"urlTemplate\":\"https:\/\/minitop.it\/?s={search_term_string}\"},\"query-input\":\"required name=search_term_string\"}],\"inLanguage\":\"de\"},{\"@type\":\"Organization\",\"@id\":\"https:\/\/minitop.it\/#organization\",\"name\":\"Minitop\",\"url\":\"https:\/\/minitop.it\/\",\"logo\":{\"@type\":\"ImageObject\",\"inLanguage\":\"de\",\"@id\":\"https:\/\/minitop.it\/#\/schema\/logo\/image\/\",\"url\":\"https:\/\/minitop.it\/wp-content\/uploads\/2022\/04\/cropped-logominitoptr.png\",\"contentUrl\":\"https:\/\/minitop.it\/wp-content\/uploads\/2022\/04\/cropped-logominitoptr.png\",\"width\":512,\"height\":512,\"caption\":\"Minitop\"},\"image\":{\"@id\":\"https:\/\/minitop.it\/#\/schema\/logo\/image\/\"},\"sameAs\":[\"https:\/\/www.facebook.com\/minitopsrl\",\"https:\/\/www.linkedin.com\/company\/gruppominitopsrl\/\",\"https:\/\/www.youtube.com\/channel\/UC4SxXfoXCpelUKZa-ui9vuA\/featured?cbrd=1\"]},{\"@type\":\"Person\",\"@id\":\"https:\/\/minitop.it\/#\/schema\/person\/010b68d5c2270a2540a285e341b5da55\",\"name\":\"minitop\",\"image\":{\"@type\":\"ImageObject\",\"inLanguage\":\"de\",\"@id\":\"https:\/\/minitop.it\/#\/schema\/person\/image\/\",\"url\":\"https:\/\/secure.gravatar.com\/avatar\/cbd06232ae3417e879bf40d5ba0b063510cc2942ac43866ed60e4567526a0160?s=96&d=mm&r=g\",\"contentUrl\":\"https:\/\/secure.gravatar.com\/avatar\/cbd06232ae3417e879bf40d5ba0b063510cc2942ac43866ed60e4567526a0160?s=96&d=mm&r=g\",\"caption\":\"minitop\"},\"sameAs\":[\"http:\/\/minitop.it\"],\"url\":\"https:\/\/minitop.it\/de\/author\/admin_minitop\/\"}]}<\/script>\n<!-- \/ Yoast SEO plugin. -->","yoast_head_json":{"title":"#COLORAMINITOP Challenge-Aktivit\u00e4ten f\u00fcr Kinder - Minitop","robots":{"index":"index","follow":"follow","max-snippet":"max-snippet:-1","max-image-preview":"max-image-preview:large","max-video-preview":"max-video-preview:-1"},"canonical":"https:\/\/minitop.it\/de\/coloraminitop-challenge-aktivitaeten-fuer-kinder\/","og_locale":"de_DE","og_type":"article","og_title":"#COLORAMINITOP Challenge-Aktivit\u00e4ten f\u00fcr Kinder - Minitop","og_description":"#COLORAMINITOP Challenge-Aktivit\u00e4ten f\u00fcr Kinder Die Zeit war f\u00fcr alle schwierig, deshalb wollen wir mit euch nicht immer nur \u00fcber Arbeit reden&#8230; dieses Mal wollen wir euch \u00fcberraschen und euch eine Herausforderung oder \u201eChallenge\u201c wie wir im Gesellschaftsjargon sagen, zu stellen eine tolle Aktivit\u00e4t f\u00fcr Kinder. Das ist das erste Mal \u2026 wir haben uns nie [&hellip;]","og_url":"https:\/\/minitop.it\/de\/coloraminitop-challenge-aktivitaeten-fuer-kinder\/","og_site_name":"Minitop","article_publisher":"https:\/\/www.facebook.com\/minitopsrl","article_published_time":"2022-04-15T09:55:14+00:00","article_modified_time":"2022-04-15T09:55:15+00:00","og_image":[{"width":600,"height":375,"url":"https:\/\/minitop.it\/wp-content\/uploads\/2022\/04\/coloraminitop.jpg","type":"image\/jpeg"}],"author":"minitop","twitter_card":"summary_large_image","twitter_misc":{"Verfasst von":"minitop","Gesch\u00e4tzte Lesezeit":"2\u00a0Minuten"},"schema":{"@context":"https:\/\/schema.org","@graph":[{"@type":"Article","@id":"https:\/\/minitop.it\/de\/coloraminitop-challenge-aktivitaeten-fuer-kinder\/#article","isPartOf":{"@id":"https:\/\/minitop.it\/de\/coloraminitop-challenge-aktivitaeten-fuer-kinder\/"},"author":{"name":"minitop","@id":"https:\/\/minitop.it\/#\/schema\/person\/010b68d5c2270a2540a285e341b5da55"},"headline":"#COLORAMINITOP Challenge-Aktivit\u00e4ten f\u00fcr Kinder","datePublished":"2022-04-15T09:55:14+00:00","dateModified":"2022-04-15T09:55:15+00:00","mainEntityOfPage":{"@id":"https:\/\/minitop.it\/de\/coloraminitop-challenge-aktivitaeten-fuer-kinder\/"},"wordCount":406,"commentCount":4879,"publisher":{"@id":"https:\/\/minitop.it\/#organization"},"image":{"@id":"https:\/\/minitop.it\/de\/coloraminitop-challenge-aktivitaeten-fuer-kinder\/#primaryimage"},"thumbnailUrl":"https:\/\/minitop.it\/wp-content\/uploads\/2022\/04\/coloraminitop.jpg","articleSection":["News"],"inLanguage":"de","potentialAction":[{"@type":"CommentAction","name":"Comment","target":["https:\/\/minitop.it\/de\/coloraminitop-challenge-aktivitaeten-fuer-kinder\/#respond"]}]},{"@type":"WebPage","@id":"https:\/\/minitop.it\/de\/coloraminitop-challenge-aktivitaeten-fuer-kinder\/","url":"https:\/\/minitop.it\/de\/coloraminitop-challenge-aktivitaeten-fuer-kinder\/","name":"#COLORAMINITOP Challenge-Aktivit\u00e4ten f\u00fcr Kinder - Minitop","isPartOf":{"@id":"https:\/\/minitop.it\/#website"},"primaryImageOfPage":{"@id":"https:\/\/minitop.it\/de\/coloraminitop-challenge-aktivitaeten-fuer-kinder\/#primaryimage"},"image":{"@id":"https:\/\/minitop.it\/de\/coloraminitop-challenge-aktivitaeten-fuer-kinder\/#primaryimage"},"thumbnailUrl":"https:\/\/minitop.it\/wp-content\/uploads\/2022\/04\/coloraminitop.jpg","datePublished":"2022-04-15T09:55:14+00:00","dateModified":"2022-04-15T09:55:15+00:00","breadcrumb":{"@id":"https:\/\/minitop.it\/de\/coloraminitop-challenge-aktivitaeten-fuer-kinder\/#breadcrumb"},"inLanguage":"de","potentialAction":[{"@type":"ReadAction","target":["https:\/\/minitop.it\/de\/coloraminitop-challenge-aktivitaeten-fuer-kinder\/"]}]},{"@type":"ImageObject","inLanguage":"de","@id":"https:\/\/minitop.it\/de\/coloraminitop-challenge-aktivitaeten-fuer-kinder\/#primaryimage","url":"https:\/\/minitop.it\/wp-content\/uploads\/2022\/04\/coloraminitop.jpg","contentUrl":"https:\/\/minitop.it\/wp-content\/uploads\/2022\/04\/coloraminitop.jpg","width":600,"height":375},{"@type":"BreadcrumbList","@id":"https:\/\/minitop.it\/de\/coloraminitop-challenge-aktivitaeten-fuer-kinder\/#breadcrumb","itemListElement":[{"@type":"ListItem","position":1,"name":"Home","item":"https:\/\/minitop.it\/de\/"},{"@type":"ListItem","position":2,"name":"#COLORAMINITOP Challenge-Aktivit\u00e4ten f\u00fcr Kinder"}]},{"@type":"WebSite","@id":"https:\/\/minitop.it\/#website","url":"https:\/\/minitop.it\/","name":"Minitop","description":"1. Hersteller von Gummiraupen in Europa","publisher":{"@id":"https:\/\/minitop.it\/#organization"},"potentialAction":[{"@type":"SearchAction","target":{"@type":"EntryPoint","urlTemplate":"https:\/\/minitop.it\/?s={search_term_string}"},"query-input":"required name=search_term_string"}],"inLanguage":"de"},{"@type":"Organization","@id":"https:\/\/minitop.it\/#organization","name":"Minitop","url":"https:\/\/minitop.it\/","logo":{"@type":"ImageObject","inLanguage":"de","@id":"https:\/\/minitop.it\/#\/schema\/logo\/image\/","url":"https:\/\/minitop.it\/wp-content\/uploads\/2022\/04\/cropped-logominitoptr.png","contentUrl":"https:\/\/minitop.it\/wp-content\/uploads\/2022\/04\/cropped-logominitoptr.png","width":512,"height":512,"caption":"Minitop"},"image":{"@id":"https:\/\/minitop.it\/#\/schema\/logo\/image\/"},"sameAs":["https:\/\/www.facebook.com\/minitopsrl","https:\/\/www.linkedin.com\/company\/gruppominitopsrl\/","https:\/\/www.youtube.com\/channel\/UC4SxXfoXCpelUKZa-ui9vuA\/featured?cbrd=1"]},{"@type":"Person","@id":"https:\/\/minitop.it\/#\/schema\/person\/010b68d5c2270a2540a285e341b5da55","name":"minitop","image":{"@type":"ImageObject","inLanguage":"de","@id":"https:\/\/minitop.it\/#\/schema\/person\/image\/","url":"https:\/\/secure.gravatar.com\/avatar\/cbd06232ae3417e879bf40d5ba0b063510cc2942ac43866ed60e4567526a0160?s=96&d=mm&r=g","contentUrl":"https:\/\/secure.gravatar.com\/avatar\/cbd06232ae3417e879bf40d5ba0b063510cc2942ac43866ed60e4567526a0160?s=96&d=mm&r=g","caption":"minitop"},"sameAs":["http:\/\/minitop.it"],"url":"https:\/\/minitop.it\/de\/author\/admin_minitop\/"}]}},"_links":{"self":[{"href":"https:\/\/minitop.it\/de\/wp-json\/wp\/v2\/posts\/13562","targetHints":{"allow":["GET"]}}],"collection":[{"href":"https:\/\/minitop.it\/de\/wp-json\/wp\/v2\/posts"}],"about":[{"href":"https:\/\/minitop.it\/de\/wp-json\/wp\/v2\/types\/post"}],"author":[{"embeddable":true,"href":"https:\/\/minitop.it\/de\/wp-json\/wp\/v2\/users\/1"}],"replies":[{"embeddable":true,"href":"https:\/\/minitop.it\/de\/wp-json\/wp\/v2\/comments?post=13562"}],"version-history":[{"count":0,"href":"https:\/\/minitop.it\/de\/wp-json\/wp\/v2\/posts\/13562\/revisions"}],"wp:featuredmedia":[{"embeddable":true,"href":"https:\/\/minitop.it\/de\/wp-json\/wp\/v2\/media\/12541"}],"wp:attachment":[{"href":"https:\/\/minitop.it\/de\/wp-json\/wp\/v2\/media?parent=13562"}],"wp:term":[{"taxonomy":"category","embeddable":true,"href":"https:\/\/minitop.it\/de\/wp-json\/wp\/v2\/categories?post=13562"},{"taxonomy":"post_tag","embeddable":true,"href":"https:\/\/minitop.it\/de\/wp-json\/wp\/v2\/tags?post=13562"}],"curies":[{"name":"wp","href":"https:\/\/api.w.org\/{rel}","templated":true}]}}